{"id":11326,"date":"2021-03-15T15:53:52","date_gmt":"2021-03-15T19:53:52","guid":{"rendered":"https:\/\/themedicalxchange.com\/?p=11326"},"modified":"2022-05-18T14:00:55","modified_gmt":"2022-05-18T18:00:55","slug":"3016_le-fonctionnement-cognitif-parametre-devaluation-dans-les-cas-de-sclerose-en-plaques-progressive-secondaire","status":"publish","type":"post","link":"https:\/\/themedicalxchange.com\/fr\/2021\/03\/15\/3016_le-fonctionnement-cognitif-parametre-devaluation-dans-les-cas-de-sclerose-en-plaques-progressive-secondaire\/","title":{"rendered":"Le fonctionnement cognitif, param\u00e8tre d\u2019\u00e9valuation dans les cas de scl\u00e9rose en plaques progressive secondaire"},"content":{"rendered":"<h2 class=\"MsoNormal\" style=\"text-align: justify; line-height: 150%;\">Contexte<\/h2>\n<p class=\"MsoNormal\" style=\"text-align: justify; line-height: 150%;\">Le d\u00e9ficit cognitif est une cons\u00e9quence bien document\u00e9e de la neurod\u00e9g\u00e9n\u00e9rescence caus\u00e9e par la SP1, dont le risque augmente au fur et \u00e0 mesure de l\u2019\u00e9volution de la maladie, mais qui peut survenir ind\u00e9pendamment des autres sympt\u00f4mes. \u00c0 preuve, un d\u00e9ficit cognitif a \u00e9t\u00e9 d\u00e9cel\u00e9 chez 27,6 % des sujets asymptomatiques d\u2019une \u00e9tude, dont les clich\u00e9s d\u2019IRM \u00e9voquaient pourtant une SP<sup>2<\/sup>\u00a0et qui r\u00e9pondaient aux crit\u00e8res radiologiques d\u00e9finissant un syndrome radiologique isol\u00e9 (SRI). Or il y avait corr\u00e9lation entre leur d\u00e9ficit et un plus grand volume l\u00e9sionnel en T1 et un volume cortical r\u00e9duit.<\/p>\n<blockquote><p>Pour une entrevue exclusive avec la D<sup>re<\/sup>\u00a0Sarah A. Morrow\u00a0couvrant l&rsquo;impact sur la pratique clinique, <a href=\"https:\/\/themedicalxchange.com\/eLearning\/8049\/neurology\/SPMS#fr\/media\/1421\">cliquez ici<\/a><\/p><\/blockquote>\n<p class=\"MsoNormal\" style=\"text-align: justify; line-height: 150%;\">Un d\u00e9ficit cognitif s\u2019observe d\u00e9j\u00e0 chez les personnes aux prises avec un syndrome clinique isol\u00e9 (SCI), jusqu\u2019\u00e0 25 % d\u2019entre elles en \u00e9tant atteintes<sup>3<\/sup>, mais le risque grimpe \u00e0 45 %, voire \u00e0 75 %, chez celles dont l\u2019\u00e9tat \u00e9volue vers la scl\u00e9rose en plaques cyclique (SPC) et la SPPS<sup>4<\/sup>\u00a0<a href=\"javascript:void(0)\" class=\"show-image\" data-index=\"0\">(Figure 1<\/a>). M\u00eame si le risque de d\u00e9ficit cognitif augmente au fur et \u00e0 mesure de l\u2019\u00e9volution de la SP, il faut savoir que la corr\u00e9lation entre les deux est imparfaite. Il se peut que des personnes atteintes de SP peu ou pas hypoth\u00e9qu\u00e9es physiquement pr\u00e9sentent des troubles cognitifs marqu\u00e9s. \u00c0 l\u2019autre bout du spectre, des patients tr\u00e8s mal en point physiquement ne sont pas afflig\u00e9s de troubles cognitifs<sup>5<\/sup>.<\/p>\n<p class=\"MsoNormal\" style=\"text-align: justify; line-height: 150%;\">D\u2019autres donn\u00e9es probantes montrant que l\u2019incapacit\u00e9 physique et l\u2019atteinte neurocognitive progressent de fa\u00e7on ind\u00e9pendante ont \u00e9t\u00e9 recueillies chez des personnes aux prises avec une forme stable, non \u00e9volutive, de SP. Un d\u00e9ficit cognitif a en effet \u00e9t\u00e9 observ\u00e9 chez des personnes affichant une activit\u00e9 pathologique tr\u00e8s faible (score inf\u00e9rieur \u00e0 3,0 \u00e0 l\u2019\u00e9chelle EDSS [<em>Expanded<\/em>\u00a0<em>Disability Status Scale<\/em>] pendant 15 ans au moins apr\u00e8s le diagnostic), alors qu\u2019il constitue un marqueur pronostique d\u00e9favorable en pareil cas. Leur suivi a permis de constater qu\u2019elles risquent davantage de voir leur \u00e9tat physique se d\u00e9grader, comme en a t\u00e9moign\u00e9 l\u2019augmentation de leur score \u00e0 l\u2019\u00e9chelle EDSS mesur\u00e9 de 5 \u00e0 12 ans plus tard<sup>6, 7<\/sup>. Cela dit, cette relation n\u2019est pas absolue non plus.<\/p>\n<p class=\"MsoNormal\" style=\"text-align: justify; line-height: 150%;\">Une SP apparue durant l\u2019enfance est aussi reli\u00e9e \u00e0 un d\u00e9ficit cognitif, de sorte que les enfants et les adolescents touch\u00e9s ont en moyenne un rendement scolaire et un quotient intellectuel inf\u00e9rieurs \u00e0 ceux de t\u00e9moins sains<sup>8<\/sup>. Encore l\u00e0, cette relation n\u2019est pas absolue. Le suivi longitudinal de pareils cas montre que les troubles cognitifs et l\u2019incapacit\u00e9 physique n\u2019\u00e9voluent pas forc\u00e9ment au m\u00eame rythme<sup>9<\/sup>.<\/p>\n<p class=\"MsoNormal\" style=\"text-align: justify; line-height: 150%;\">La SP \u00e9tant une maladie inflammatoire et d\u00e9my\u00e9linisante du syst\u00e8me nerveux central (SNC), il est raisonnable de pr\u00e9sumer que le d\u00e9ficit cognitif est le r\u00e9sultat direct de la d\u00e9g\u00e9n\u00e9rescence<sup>10<\/sup>, mais le processus physiopathologique en cause reste \u00e0 d\u00e9couvrir. Les clich\u00e9s d\u2019IRM de 234 participants \u00e0 une \u00e9tude, 41 % d\u2019entre eux pr\u00e9sentant un d\u00e9ficit cognitif, ont montr\u00e9 qu\u2019une perte de volume de la substance grise corticale \u00e9tait le seul facteur permettant de pr\u00e9dire d\u00e8s le d\u00e9part une d\u00e9t\u00e9rioration des fonctions cognitives dans tous les sous-types de SP. Cela dit, les facteurs pr\u00e9visionnels d\u2019un d\u00e9ficit cognitif n\u2019\u00e9taient pas les m\u00eames dans les stades peu avanc\u00e9s de la SP-RR que dans les stades avanc\u00e9s ou dans les cas de SP \u00e9volutive. Dans les premiers cas, il s\u2019agissait d\u2019une atteinte \u00e0 l\u2019int\u00e9grit\u00e9 de la substance blanche, alors que dans les seconds, l\u2019atrophie corticale y jouait un r\u00f4le majeur<sup>11<\/sup>. Un parall\u00e8le a \u00e9t\u00e9 \u00e9tabli entre une d\u00e9t\u00e9rioration cognitive plus prononc\u00e9e et une atteinte structurelle d\u2019embl\u00e9e plus marqu\u00e9e dans les deux groupes de sujets, mais la premi\u00e8re ne permettait pas de pr\u00e9dire la seconde et vice versa.<\/p>\n<p class=\"MsoNormal\" style=\"text-align: justify; line-height: 150%;\">La r\u00e9organisation c\u00e9r\u00e9brale \u00e9tant diff\u00e9rente d\u2019une personne \u00e0 l\u2019autre, elle pourrait expliquer la diversit\u00e9 de l\u2019\u00e9volution des troubles cognitifs. On entend par \u00ab\u2009r\u00e9organisation c\u00e9r\u00e9brale\u2009\u00bb le processus gr\u00e2ce auquel de nouvelles voies neuronales se forment en r\u00e9action \u00e0 la neurod\u00e9g\u00e9n\u00e9rescence pour soutenir la connectivit\u00e9 fonctionnelle. On a \u00e9mis l\u2019hypoth\u00e8se que la r\u00e9organisation c\u00e9r\u00e9brale se fait mieux chez certaines personnes atteintes de SP<sup>12<\/sup>, ce que plusieurs \u00e9tudes ont \u00e9tay\u00e9. Une analyse de la connectivit\u00e9 fonctionnelle de personnes atteintes de SP et de t\u00e9moins, par exemple, a fait ressortir une activation in\u00e9gale des r\u00e9gions c\u00e9r\u00e9brales attribu\u00e9e au processus adaptatif chez les premi\u00e8res<sup>13,14<\/sup>.<\/p>\n<p class=\"MsoNormal\" style=\"text-align: justify; line-height: 150%;\">Les observations concernant la connectivit\u00e9 fonctionnelle \u00e0 l\u2019int\u00e9rieur de la substance grise des structures c\u00e9r\u00e9brales divergent, ce qui pourrait s\u2019expliquer, entre autres, par le fait qu\u2019une hausse de la connectivit\u00e9 t\u00e9moigne de l\u2019aptitude du cerveau au d\u00e9but de la maladie \u00e0 trouver des voies neuronales de rechange \u00e0 celles qui sont compromises, alors qu\u2019une baisse de la connectivit\u00e9 se produit \u00e0 un stade plus avanc\u00e9, lorsque les r\u00e9serves sont \u00e9puis\u00e9es, d\u2019o\u00f9 l\u2019aggravation du d\u00e9ficit cognitif<sup>1<\/sup>.<\/p>\n<p class=\"MsoNormal\" style=\"text-align: justify; line-height: 150%;\">La r\u00e9serve c\u00e9r\u00e9brale et la r\u00e9serve cognitive semblent \u00e0 tout le moins des facteurs pr\u00e9visionnels ind\u00e9pendants de la pr\u00e9servation des fonctions cognitives chez les personnes atteintes de SP. Une \u00e9tude ayant servi \u00e0 comparer les effets de la r\u00e9serve c\u00e9r\u00e9brale, d\u00e9finie comme la masse c\u00e9r\u00e9brale maximale \u00e0 vie et qui serait d\u00e9termin\u00e9e g\u00e9n\u00e9tiquement, et la r\u00e9serve cognitive, qui est issue des activit\u00e9s de loisir intellectuellement stimulantes pendant l\u2019enfance, a r\u00e9v\u00e9l\u00e9 que la r\u00e9serve cognitive a un effet protecteur contre la perte de fonctions cognitives ind\u00e9pendamment de qualit\u00e9 de la r\u00e9serve c\u00e9r\u00e9brale<sup>15<\/sup>.\u00a0Une \u00e9tude plus r\u00e9cente a r\u00e9v\u00e9l\u00e9 que la r\u00e9serve cognitive et la r\u00e9serve c\u00e9r\u00e9brale jouent des r\u00f4les diff\u00e9rents, la premi\u00e8re \u00e9tant plus \u00e9troitement li\u00e9e aux domaines cognitifs classiques et la seconde \u00e9tant plus intimement li\u00e9e \u00e0 la cognition sociale<sup>16<\/sup>.\u00a0La variabilit\u00e9 de l\u2019\u00e9tat cognitif des personnes affichant une SP aux caract\u00e9ristiques pourtant similaires et des patients aux prises avec une autre affection causant une perte des fonctions cognitives, comme la maladie d\u2019Alzheimer, peut s\u2019expliquer par ces diff\u00e9rents types de r\u00e9serve neurologique<sup style=\"font-family: Arial, sans-serif;\">17<\/sup>.<\/p>\n<p class=\"MsoNormal\" style=\"text-align: justify; line-height: 150%;\">M\u00eame si ces \u00e9tudes comportaient des diff\u00e9rences, elles ont permis de constater \u00e0 maintes reprises que la m\u00e9moire \u00e9pisodique et la vitesse de traitement de l\u2019information \u00e9taient les domaines les plus souvent touch\u00e9s par la SP<sup>18,19<\/sup>.\u00a0Selon une analyse d\u2019articles portant sur des \u00e9tudes visant \u00e0 \u00e9valuer les troubles cognitifs imputables \u00e0 la SP, plus de la moiti\u00e9 des personnes qui en \u00e9taient afflig\u00e9es pr\u00e9sentaient une alt\u00e9ration de l\u2019un ou l\u2019autre de ces domaines, voire des deux<sup>20<\/sup>, alors qu\u2019une atteinte de la fluence verbale \u00e9tait relativement rare <a href=\"javascript:void(0)\" class=\"show-image\" data-index=\"1\">(Figure 2<\/a>).\u00a0<\/p>\n<p class=\"MsoNormal\" style=\"text-align: justify; line-height: 150%;\">La variabilit\u00e9 des troubles cognitifs est \u00e0 l\u2019image de celle des sympt\u00f4mes physiques (p.\u00a0ex., troubles de la fonction motrice, tremblements, diplopie et engourdissements). Les alt\u00e9rations structurelles et fonctionnelles cons\u00e9cutives \u00e0 la neurod\u00e9g\u00e9n\u00e9rescence sont vraisemblablement \u00e0 l\u2019origine de ces deux types de probl\u00e8mes, mais la faiblesse de la corr\u00e9lation entre la vitesse et l\u2019intensit\u00e9 de leur progression porte \u00e0 croire qu\u2019ils s\u2019expriment par des voies ind\u00e9pendantes, du moins jusqu\u2019\u00e0 un certain point. Il est ressorti d\u2019une \u00e9tude visant \u00e0 d\u00e9terminer si le ralentissement du traitement de l\u2019information \u00e9tait imputable aux alt\u00e9rations structurelles ou fonctionnelles que le lien avec les alt\u00e9rations structurelles \u00e9tait le plus fort. Il faudra affiner notre compr\u00e9hension physiopathologique de la maladie pour pouvoir \u00e9laborer de nouvelles strat\u00e9gies th\u00e9rapeutiques. Une meilleure compr\u00e9hension des facteurs favorisant les troubles cognitifs sur lesquels il est possible d\u2019agir pourrait aussi \u00eatre utile pour recenser les traitements de fond actuels qui, s\u2019il en existe, pr\u00e9servent le mieux les fonctions cognitives.<\/p>\n<p class=\"MsoNormal\" style=\"text-align: justify; line-height: 150%;\">Pr\u00e8s de 10 ann\u00e9es se sont \u00e9coul\u00e9es depuis la tenue d\u2019une conf\u00e9rence multidisciplinaire visant \u00e0 promouvoir l\u2019\u00e9valuation et le traitement syst\u00e9matiques des troubles cognitifs dans les cas de SP<sup>21<\/sup>. En 2018, ann\u00e9e de la r\u00e9daction d\u2019une version provisoire de lignes directrices sur la prise en charge du d\u00e9ficit cognitif, ses auteurs ont d\u00e9plor\u00e9 que les fonctions cognitives restent si peu \u00e9valu\u00e9es et trait\u00e9es, m\u00eame si elles sont une source de morbidit\u00e9 importante<sup style=\"font-family: Arial, sans-serif;\">22<\/sup>.<\/p>\n<p class=\"MsoNormal\" style=\"text-align: justify; line-height: 150%;\">Cela dit, le peu d\u2019options de traitement s\u2019offrant aux cliniciens peut avoir refroidi leur enthousiasme envers la surveillance de ces sympt\u00f4mes. D\u2019ailleurs, aucun des agents pharmacologiques potentiels \u00e9tudi\u00e9s dans ces lignes directrices, notamment l\u2019amantadine, le don\u00e9p\u00e9zil et le ginkgo biloba, n\u2019a su convaincre les auteurs de son avantage \u00e0 ce chapitre. Ces derniers ont surtout recommand\u00e9 la r\u00e9\u00e9ducation cognitive et l\u2019exercice, dont les bienfaits sont confirm\u00e9s par des \u00e9tudes cliniques<sup>23, 24<\/sup>, quoique le gain th\u00e9rapeutique qu\u2019ils offrent soit modeste.<\/p>\n<p class=\"MsoNormal\" style=\"text-align: justify; line-height: 150%;\">Beaucoup de cliniciens reconnaissent l\u2019int\u00e9r\u00eat d\u2019\u00e9valuer les fonctions cognitives au d\u00e9but de la maladie, mais la documentation des changements observ\u00e9s et de la vitesse \u00e0 laquelle ils se produisent est importante aussi<sup>21<\/sup>.Cela permet d\u2019intervenir rapidement lorsque les sympt\u00f4mes compromettent le rendement scolaire des enfants. Chez les adultes, l\u2019int\u00e9r\u00eat de cette d\u00e9marche va de l\u2019instauration d\u2019une r\u00e9\u00e9ducation \u00e0 la documentation d\u2019une invalidit\u00e9 donnant droit \u00e0 de l\u2019aide advenant une perte de revenus. Si d\u2019autres outils hormis le test SDMT peuvent \u00eatre envisag\u00e9s, les lignes directrices insistent surtout sur la r\u00e9alisation d\u2019\u00e9valuations r\u00e9p\u00e9t\u00e9es \u00e0 l\u2019aide du m\u00eame instrument de mesure. En plus du d\u00e9pistage des troubles cognitifs, il est conseill\u00e9 de proc\u00e9der \u00e0 un test de d\u00e9pistage de la d\u00e9pression au moins annuellement, cette affection pouvant masquer des troubles cognitifs ou les compliquer.<\/p>\n<h2 class=\"MsoNormal\" style=\"text-align: justify; line-height: 150%;\">Analyse secondaire de l\u2019\u00e9tude EXPAND : effet sur les fonctions cognitives<\/h2>\n<p class=\"MsoNormal\" style=\"text-align: justify; line-height: 150%;\">M\u00eame si le dysfonctionnement cognitif est un sympt\u00f4me majeur et une source d\u2019invalidit\u00e9 importante dans la SP, seuls quelques-uns des grands essais men\u00e9s en th\u00e9rapeutique ont port\u00e9 sur les fonctions cognitives<sup>21<\/sup>. Or le fonctionnement cognitif faisait d\u2019embl\u00e9e office de param\u00e8tre d\u2019\u00e9valuation de l\u2019essai EXPAND, un essai de phase\u00a0III ayant servi \u00e0 comparer le siponimod \u00e0 un placebo. Les \u00e9valuations ont eu lieu au d\u00e9but de l\u2019essai, tous les six mois par la suite et \u00e0 la fin du traitement. Les param\u00e8tres d\u2019\u00e9valuation principaux de cet essai \u00e9taient le temps \u00e9coul\u00e9 avant une aggravation de l\u2019invalidit\u00e9 confirm\u00e9e \u00e0 3\u00a0mois (AIC3m)<sup>25<\/sup>,alors que les fonctions cognitives ont fait l\u2019objet d\u2019une analyse exploratoire programm\u00e9e.<\/p>\n<p class=\"MsoNormal\" style=\"text-align: justify; line-height: 150%;\">Les r\u00e9sultats de l\u2019analyse programm\u00e9e r\u00e9alis\u00e9e a posteriori des param\u00e8tres cognitifs ont \u00e9t\u00e9 publi\u00e9s r\u00e9cemment<sup>26<\/sup>.\u00a0Le test SDMT (<em>Symbol Digit Modalities Test<\/em>), l\u2019instrument le plus souvent employ\u00e9 et sans doute le meilleur moyen de mesurer une variation d\u2019importance sur le plan clinique de la vitesse de traitement de l\u2019information<sup>27<\/sup>,\u00a0a permis de relever des diff\u00e9rences significatives \u00e0 l\u2019avantage du siponimod au 12<sup>e<\/sup>\u00a0(<em>p\u00a0<\/em>=\u00a00,0132), au 18<sup>e<\/sup>\u00a0(<em>p\u00a0<\/em>=\u00a00,0135) et au 24<sup>e<\/sup>\u00a0mois (<em>p\u00a0<\/em>= 0,0002) <a href=\"javascript:void(0)\" class=\"show-image\" data-index=\"2\">(Figure 3<\/a>).\u00a0<\/p>\n<p class=\"MsoNormal\" style=\"text-align: justify; line-height: 150%;\">Sur la base d\u2019une variation d\u2019importance sur le plan clinique d\u00e9finie comme une diff\u00e9rence de 4\u00a0points par rapport \u00e0 la valeur de r\u00e9f\u00e9rence obtenue au d\u00e9but de l\u2019essai, le risque d\u2019alt\u00e9ration des fonctions cognitives \u00e9tait significativement plus faible chez les sujets affect\u00e9s al\u00e9atoirement au siponimod, le rapport des risques instantan\u00e9s se chiffrant (RRI) \u00e0 0,79 (<em>p\u00a0<\/em>=\u00a00,0157). De plus, la probabilit\u00e9 d\u2019obtenir une am\u00e9lioration de ce score \u00e9tait significativement plus forte dans le groupe siponimod (RRI\u00a0: 1,28;\u00a0<em>p\u00a0<\/em>=\u00a00,0131). Pareille am\u00e9lioration des fonctions cognitives a \u00e9t\u00e9 observ\u00e9e chez les sujets ayant pr\u00e9sent\u00e9 ou non une alt\u00e9ration de leurs fonctions cognitives avant leur admission \u00e0 l\u2019essai, celle-ci \u00e9tant d\u00e9finie comme un score inf\u00e9rieur \u00e0 43 au test SDMT (plus le score est \u00e9lev\u00e9, meilleurs sont les r\u00e9sultats), chez ceux afflig\u00e9s d\u2019une invalidit\u00e9 grave, confirm\u00e9e par un score minimal de 6 \u00e0 l\u2019\u00e9chelle EDSS, et chez ceux dont l\u2019invalidit\u00e9 \u00e9tait moins prononc\u00e9e. Les chercheurs ont consid\u00e9r\u00e9 que cette pr\u00e9servation des fonctions cognitives cadrait avec ce qu\u2019ils voyaient sur les clich\u00e9s d\u2019IRM r\u00e9alis\u00e9s tous les 12\u00a0mois et ont \u00e9tabli un lien entre le siponimod et une perte moins marqu\u00e9e du volume c\u00e9r\u00e9bral que celle observ\u00e9e avec le placebo.<\/p>\n<p class=\"MsoNormal\" style=\"text-align: justify; line-height: 150%;\">L\u2019analyse principale de l\u2019essai EXPAND, au cours duquel 1651\u00a0habitants atteints de SPPS provenant de 31\u00a0pays ont \u00e9t\u00e9 affect\u00e9s al\u00e9atoirement (2:1) de fa\u00e7on \u00e0 recevoir 2\u00a0mg de siponimod une fois par jour ou un placebo, a permis de relier le siponimod \u00e0 une baisse de 21\u00a0% (<em>p\u00a0<\/em>=\u00a00,013) du risque d\u2019AIC3m. Il s\u2019agissait du premier agent \u00e0 prise orale ayant permis de ralentir l\u2019\u00e9volution de la SPPS.<\/p>\n<p class=\"MsoNormal\" style=\"text-align: justify; line-height: 150%;\">Quelque 1224\u00a0participants \u00e0 l\u2019essai original ont \u00e9t\u00e9 recrut\u00e9s dans la phase de prolongation, ceux d\u2019entre eux qui avaient jusqu\u2019alors servi de t\u00e9moins passant au traitement actif. Au terme de cette phase, lorsque les chercheurs ont compar\u00e9 les sujets originalement affect\u00e9s au siponimod aux t\u00e9moins pass\u00e9s au traitement actif, ils ont constat\u00e9 que les premiers, qui avaient re\u00e7u le siponimod plus t\u00f4t, avaient b\u00e9n\u00e9fici\u00e9 davantage du traitement que les seconds, la diff\u00e9rence enregistr\u00e9e pour l\u2019AIC3m, principal param\u00e8tre d\u2019\u00e9valuation, et l\u2019AIC6m \u00e9tant nettement significative (<em>p\u00a0<\/em>=\u00a00,0064 et 0,0048)<sup style=\"font-family: Arial, sans-serif;\">28<\/sup>.<\/p>\n<p class=\"MsoNormal\" style=\"text-align: justify; line-height: 150%;\">Lors de la sous-\u00e9tude sur les fonctions cognitives, le temps \u00e9coul\u00e9 avant que le r\u00e9sultat au test SDMT marque un changement soutenu \u00e9tait \u00e9valuable chez 98\u00a0% des sujets. Deux autres instruments d\u2019\u00e9valuation des fonctions cognitives ont \u00e9t\u00e9 employ\u00e9s, soit le test PASAT (<em>Paced Auditory Serial Addition Test<\/em>), qui sert \u00e0 mesurer la vitesse de traitement de l\u2019information et la m\u00e9moire \u00e0 court terme, et le test BVMT-R (<em>Brief Visuospatial Memory Test-Revised<\/em>), qui permet d\u2019\u00e9valuer la m\u00e9moire visuelle et la m\u00e9moire spatiale. Les deux volets du test BVMT-R, Rappel total (RT) et Rappel diff\u00e9r\u00e9 (RD), ont \u00e9t\u00e9 utilis\u00e9s. Aucune des diff\u00e9rences enregistr\u00e9es entre le traitement actif et le placebo n\u2019a franchi le seuil de la signification statistique, peu importe la mesure consid\u00e9r\u00e9e lors des \u00e9valuations effectu\u00e9es \u00e0 12 et \u00e0 24\u00a0mois, ce qui n\u2019\u00e9tait pas totalement inattendu, puisque des \u00e9tudes ant\u00e9rieures avaient d\u00e9j\u00e0 montr\u00e9 que le test PASAT est plus sensible pour d\u00e9tecter un effet interventionnel<sup>29\u00a0<\/sup>et qu\u2019aucun essai de phase\u00a0III portant sur des traitements de fond n\u2019a permis d\u2019\u00e9tablir un lien entre ces derniers et une am\u00e9lioration fonctionnelle confirm\u00e9e par le test BVMT-R qui est utilis\u00e9 pour \u00e9valuer la m\u00e9moire.<\/p>\n<p class=\"MsoNormal\" style=\"text-align: justify; line-height: 150%;\">L\u2019am\u00e9lioration des r\u00e9sultats obtenus au test SDMT est compatible avec celle enregistr\u00e9e lors d\u2019\u00e9tudes exp\u00e9rimentales ayant \u00e9tabli un parall\u00e8le entre le siponimod et un effet neuroprotecteur s\u2019exprimant entre autres par une remy\u00e9linisation. Lors d\u2019une \u00e9tude\u00a0<em>ex vivo<\/em>, le siponimod a \u00e9t\u00e9 reli\u00e9 \u00e0 une restauration du fonctionnement des circuits neuronaux corticaux<sup>30<\/sup>.\u00a0Une \u00e9tude clinique a permis d\u2019\u00e9tablir un rapprochement entre le siponimod et une r\u00e9duction de la perte de substance grise corticale et de volume thalamique<sup>31<\/sup>.Toutefois, le m\u00e9canisme exact gr\u00e2ce auquel le siponimod a exerc\u00e9 un effet favorable sur les fonctions cognitives pendant l\u2019essai EXPAND reste \u00e0 \u00e9lucider.<\/p>\n<p class=\"MsoNormal\" style=\"text-align: justify; line-height: 150%;\">Selon les chercheurs de l\u2019essai EXPAND ayant analys\u00e9 les fonctions cognitives, il est probable que l\u2019am\u00e9lioration des r\u00e9sultats obtenus au test SDMT chez les sujets trait\u00e9s par le siponimod se traduise par un effet positif consid\u00e9rable sur leur qualit\u00e9 de vie et leur situation professionnelle.<\/p>\n<h2 class=\"MsoNormal\" style=\"text-align: justify; line-height: 150%;\">Troubles cognitifs : raison d\u2019\u00eatre de la surveillance et du traitement<\/h2>\n<p class=\"MsoNormal\" style=\"text-align: justify; line-height: 150%;\">En montrant, donn\u00e9es probantes \u00e0 l\u2019appui, qu\u2019il est possible de pr\u00e9venir ou de corriger les troubles cognitifs, l\u2019essai EXPAND fournit un nouveau contexte aux recommandations actuelles pr\u00e9conisant le d\u00e9pistage et la surveillance d\u2019un d\u00e9ficit cognitif chez les personnes atteintes de SP. Les \u00e9valuations cognitives initiales et r\u00e9p\u00e9t\u00e9es sont d\u00e9j\u00e0 recommand\u00e9es dans les lignes directrices et la possibilit\u00e9 que le siponimod contrecarre l\u2019alt\u00e9ration des fonctions cognitives caus\u00e9e par la SP a \u00e9t\u00e9 confirm\u00e9e par l\u2019essai EXPAND. Il a \u00e9galement mis au jour la n\u00e9cessit\u00e9 de mesurer et de prendre en charge cette manifestation de la maladie et d\u2019en discuter ouvertement.<\/p>\n<p class=\"MsoNormal\" style=\"text-align: justify; line-height: 150%;\">Selon les lignes directrices, le d\u00e9pistage d\u2019un d\u00e9ficit cognitif au moyen du test SDMT ou d\u2019un autre instrument valid\u00e9 est indiqu\u00e9 chez tous les adultes et les enfants \u00e2g\u00e9s de 8\u00a0ans ou plus atteints d\u2019un SCI ou d\u2019un SRI t\u00e9moignant d\u2019un d\u00e9but d\u2019alt\u00e9ration de la substance blanche, ou ayant re\u00e7u un diagnostic de SP. Il est recommand\u00e9 de r\u00e9\u00e9valuer ces patients tous les ans ou plus souvent si une d\u00e9t\u00e9rioration de leurs fonctions cognitives le justifie\u00a0<a href=\"javascript:void(0)\" class=\"show-image\" data-index=\"3\">(Figure 4<\/a>).\u00a0D\u2019apr\u00e8s les lignes directrices, l\u2019\u00e9valuation et la prise en charge des troubles cognitifs doivent \u00eatre r\u00e9gies par les m\u00eames normes que celles appliqu\u00e9es \u00e0 la pr\u00e9vention des pouss\u00e9es et \u00e0 l\u2019aggravation de l\u2019invalidit\u00e9.<\/p>\n<p class=\"MsoNormal\" style=\"text-align: justify; line-height: 150%;\">Cette recommandation est justifi\u00e9e, puisque le fardeau impos\u00e9 par les troubles cognitifs est, \u00e0 tout le moins, aussi lourd que celui impos\u00e9 par l\u2019incapacit\u00e9 physique. Dans une \u00e9tude ayant r\u00e9uni uniquement des personnes atteintes d\u2019une forme \u00e9volutive de SP, les mesures des fonctions cognitives, obtenues avec le test SDMT entre autres, \u00e9taient en corr\u00e9lation plus \u00e9troite avec la qualit\u00e9 de vie \u00e9valu\u00e9e au moyen du questionnaire SF-36 qu\u2019avec (<em>Short-Form\u00a036<\/em>) les r\u00e9sultats enregistr\u00e9s \u00e0 l\u2019\u00e9chelle EDSS et les autres m\u00e9thodes de mesure de l\u2019atteinte physique, telles que le test de la marche chronom\u00e9tr\u00e9e sur 25\u00a0pieds (T25-FW)<sup>32<\/sup>. Dans une autre \u00e9tude qui avait permis d\u2019\u00e9tablir un lien entre une d\u00e9gradation des r\u00e9sultats aux tests neuropsychologiques et une d\u00e9t\u00e9rioration de la situation professionnelle, la baisse significative sur le plan clinique du score obtenu au test SDMT a plus que quadrupl\u00e9 le risque relatif approch\u00e9 d\u2019une d\u00e9t\u00e9rioration de la situation professionnelle<sup style=\"font-family: Arial, sans-serif;\">33<\/sup>.<\/p>\n<p class=\"MsoNormal\" style=\"text-align: justify; line-height: 150%;\">Lors d\u2019une \u00e9tude plus complexe ayant repos\u00e9 sur un mod\u00e8le visant \u00e0 \u00e9valuer les facteurs pr\u00e9visionnels de l\u2019incapacit\u00e9 de travail, les r\u00e9sultats obtenus pour l\u2019alt\u00e9ration des fonctions cognitives mesur\u00e9e \u00e0 l\u2019aide du test SDMT, pour l\u2019incapacit\u00e9 physique mesur\u00e9e au moyen de l\u2019\u00e9chelle EDSS et pour la d\u00e9pression \u00e9valu\u00e9e d\u2019apr\u00e8s l\u2019\u00e9chelle HADS-D (<em>Hospital Anxiety and Depression Scale<\/em>) \u00e9taient tous significatifs (<em>p\u00a0<\/em>&lt;\u00a00,05)<sup>34<\/sup>.\u00a0Tous ces facteurs ont \u00e9t\u00e9 reconnus comme des cibles potentielles pour pr\u00e9server ou am\u00e9liorer la situation professionnelle.<\/p>\n<p class=\"MsoNormal\" style=\"text-align: justify; line-height: 150%;\">Les personnes atteintes de SP afflig\u00e9es de troubles cognitifs obtiennent de moins bons r\u00e9sultats aux \u00e9chelles de mesure de la qualit\u00e9 de vie que celles qui pr\u00e9sentent une incapacit\u00e9 physique similaire, mais aucun trouble cognitif<sup>35<\/sup>.\u00a0Plus les troubles cognitifs sont importants, plus ils restreignent les activit\u00e9s quotidiennes, telles que la conduite automobile ou la participation \u00e0 des activit\u00e9s sociales<sup>36, 37<\/sup>.\u00a0Le ralentissement du traitement de l\u2019information est associ\u00e9 \u00e0 des revenus moins \u00e9lev\u00e9s chez les personnes atteintes de SP, ind\u00e9pendamment de leur dysfonctionnement physique<sup style=\"font-family: Arial, sans-serif;\">38<\/sup>.<\/p>\n<p class=\"MsoNormal\" style=\"text-align: justify; line-height: 150%;\">Selon les lignes directrices de 2018, il est tout aussi essentiel d\u2019\u00e9valuer et de prendre en charge les troubles cognitifs li\u00e9s \u00e0 la SP que les sympt\u00f4mes physiques de cette maladie. C\u2019est important dans les premiers stades de la SP, mais \u00e7a devient plus urgent lorsque la maladie \u00e9volue et que les troubles cognitifs se multiplient et risquent de s\u2019intensifier. Le fait que les cliniciens ne s\u2019occupent pas du d\u00e9ficit cognitif avec la m\u00eame rigueur et la m\u00eame \u00e9nergie que celles qu\u2019ils accordent aux autres sympt\u00f4mes a \u00e9t\u00e9 reconnu comme un obstacle majeur \u00e0 l\u2019obtention de soins optimaux.<\/p>\n<h2 class=\"MsoNoSpacing\" style=\"text-align: justify; line-height: 150%;\">Conclusion<\/h2>\n<p>Une analyse secondaire de l\u2019essai d\u00e9terminant EXPAND fournit la meilleure indication \u00e0 ce jour qu\u2019un traitement actif oppos\u00e9 \u00e0 la SPPS peut permettre de pr\u00e9server les fonctions cognitives et parfois m\u00eame de les am\u00e9liorer. Ces donn\u00e9es probantes de classe\u00a0II mettent en lumi\u00e8re un aspect important de la SP qui est parfois n\u00e9glig\u00e9. Une appr\u00e9ciation insuffisante des effets n\u00e9gatifs relatifs des troubles cognitifs sur la qualit\u00e9 de vie, le manque de connaissances et de formation sur les m\u00e9thodes d\u2019\u00e9valuation et de surveillance des fonctions cognitives, de m\u00eame qu\u2019une sensibilisation d\u00e9ficiente \u00e0 propos des strat\u00e9gies de collaboration avec les personnes atteintes de SP visant \u00e0 corriger les troubles cognitifs sont tous des obstacles \u00e0 une prise en charge optimale de ces sympt\u00f4mes de la SP<sup>21<\/sup>. Il est urgent de pouvoir disposer de traitement pour les pr\u00e9venir ou les faire r\u00e9troc\u00e9der.<\/p>\n<h2>R\u00e9f\u00e9rences<\/h2>\n<p>1.\u00a0\u00a0Benedict RHB, Amato MP, Deluca J,\u00a0<em>et al<\/em>. Cognitive impairment in multiple sclerosis: clinical management, MRI, and therapeutic avenues.\u00a0<em>Lancet Neurol<\/em>. 2020;19:860-871.<br \/>2.\u00a0\u00a0Amato MP, Hakiki B, Goretti B,\u00a0<em>et al<\/em>. Association of MRI metrics and cognitive impairment in radiologically isolated syndromes.\u00a0<em>Neurology<\/em>. 2012;78:309-314.<br \/>3.\u00a0\u00a0Feuilet F, Reuter F, Audoin B,\u00a0<em>et al<\/em>.\u00a0Early cognitive impairment in patients with clinically isolated syndrome suggestive of multiple sclerosis.\u00a0<em>Mult Scler<\/em>. 2007;13:124-127.<br \/>4.\u00a0 Johnen A, Landmeyer N, Burkner PC,\u00a0<em>et al<\/em>. Distinct cognitive impairments in different disease courses of multiple sclerosis: a systematic review and meta-analysis.\u00a0<em>Neurosci Biobehav Rev<\/em>. 2017;83:568-578.<br \/>5.\u00a0\u00a0Ruano L, Portaccio E, Goretti B,\u00a0<em>et al<\/em>. Age and disability drive cognitive impairment in multiple sclerosis across disease subtypes.\u00a0<em>Mult Scler<\/em>. 2017;23:1258-1267.<br \/>6. Portaccio E, Stromillo ML, Goretti B,\u00a0<em>et al<\/em>. Neuropsychological and MRI measures predict short-term evolution in benign multiple sclerosis.\u00a0<em>Neurology<\/em>. 2009;73:498-503.<br \/>7.\u00a0\u00a0Razzolini L Portaccio E, Stromillo ML,\u00a0<em>et al<\/em>. The dilemma of benign multiple sclerosis: can we predict the risk of losing the \u201cbenign status\u201d? A 12-year follow-up study.\u00a0<em>Mult Scler Relat Disord<\/em>. 2018;26:71-73.<br \/>8.\u00a0\u00a0Charvet LE, O\u2019Donnell EH, Belman AL,\u00a0<em>et al<\/em>. Longitudinal evaluation of cognitive functioning in pediatric multiple sclerosis: report from the US Pediatric Multiple Sclerosis Network.\u00a0<em>Mult Scler<\/em>\u00a0.2014;20:1502-1510.<br \/>9.\u00a0\u00a0WaldmanA, Ness J, Pohl D,\u00a0<em>et al<\/em>. Pediatric multiple sclerosis: clinical features and outcome.\u00a0<em>Neurology<\/em>. 2016;87(suppl 2):S74-S81.<br \/>10.\u00a0\u00a0\u00a0Benedict RHB, Amato MP, DeLuca J,\u00a0<em>et al<\/em>. Cognitive impairment in multiple sclerosis: clinical management, MRI, and therapeutic avenues.\u00a0<em>Lancet Neurol<\/em>. 2020;19:860-871.<br \/>11.\u00a0\u00a0Eijlers AJC, van Geest Q, Dekker I,\u00a0<em>et al<\/em>. Predicting cognitive decline in multiple sclerosis: a 5-year follow-up study.\u00a0<em>Brain<\/em>. 2018;141:2605-2618.<br \/>12.\u00a0\u00a0\u00a0Nasios G, Bakirtzis C et Messinis L. Cognitive impairment and brain reorganization in MS: underlying mechanisms and the role of neurorehabilitation.\u00a0<em>Front Neurol<\/em>. 2020;11:147.<br \/>13.\u00a0\u00a0Cader S, Cifelli A, Abu-Omar Y,\u00a0<em>et al<\/em>.\u00a0Reduced brain functional reserve and altered functional connectivity in patients with multiple sclerosis.\u00a0<em>Brain.<\/em>\u00a02006;129(Pt 2):527-537.<br \/>14.\u00a0\u00a0Sumowski JF, Rocca MA, Leavitt VM,\u00a0<em>et al<\/em>. Brain reserve and cognitive reserve in multiple sclerosis; what you\u2019ve got and how you use it.\u00a0<em>Neurology.<\/em>\u00a02013;80:2186-2193.<br \/>15.\u00a0 Machado R, Lima C, d\u2019Almeida OC,\u00a0<em>et al<\/em>. Protective effects of cognitive and brain reserve in multiple sclerosis: differential roles on social cognition and \u2018classic cognition.\u2019\u00a0<em>Mult Scler Relat Disord.<\/em>\u00a02021;48:102716.<br \/>16.\u00a0\u00a0Sumowski JF. Cognitive reserve as a useful concept for early intervention research in multiple sclerosis.\u00a0<em>Front Neurol<\/em>. 2015;6:176.<br \/>17.\u00a0\u00a0Chiaravalloti MD et DeLuca J. Cognitive impairment in multiple sclerosis. 2008;7:1139-1151.<br \/>18.\u00a0 Langdon DW. Cognition in multiple sclerosis.\u00a0<em>Curr Opin Neurol<\/em>\u00a0.2011;24:244-249.<br \/>19.\u00a0 Islas MAM et Ciampi E. Assessment and impact of cognitive impairment in multiple sclerosis: an overview.\u00a0<em>Biomedicines.<\/em>\u00a02019;7:22.<br \/>20.\u00a0\u00a0Foley FW, Benedict RHB, Gromisch ES,\u00a0<em>et al<\/em>. The need for screening, assessment, and treatment for cognitive function in multiple sclerosis: results of a multidisciplinary CMSC consensus conference, 24\u00a0septembre 2010.\u00a0<em>Int J MS Care<\/em>. 2012;14:58-64.<br \/>21.\u00a0\u00a0Kalb R, Beier M, Benedict RHB,\u00a0<em>et al<\/em>. Recommendations for cognitive screening and management in multiple sclerosis care.\u00a0<em>Mult Scler J<\/em>. 2018;24:1665-1680.<br \/>22.\u00a0\u00a0Charvet LE, Yang J, Shaw MT,\u00a0<em>et al<\/em>.\u00a0Cognitive function in multiple sclerosis improves with telerehabilitation: results from a randomized controlled trial.\u00a0<em>PLoS One<\/em>. 2017;12:e0177177.<br \/>23.\u00a0\u00a0Motl RW, Sandroff BM et DeLuca J. Exercise training and cognitive rehabilitation: a symbiotic approach for rehabilitating walking and cognitive functions in multiple sclerosis?\u00a0<em>Neurorehabil Neural Repair<\/em>. 2016;30:499-511.<br \/>24.\u00a0\u00a0Kappos L, Bar-Or A, Cree BAC,\u00a0<em>et al.<\/em>\u00a0Siponimod versus placebo in secondary progressive multiple sclerosis (EXPAND): a double-blind, randomized, phase 3 study.\u00a0<em>Lancet Neurol<\/em>. 2018;391:1263-1273.<br \/>25.\u00a0\u00a0Benedict RHB, Tomic D, Cree BA,\u00a0<em>et al<\/em>. Siponimod and cognition in secondary progressive multiple sclerosis: EXPAND secondary analyses.\u00a0<em>Neurology.<\/em>\u00a02021;96:e376-e386.<br \/>26.\u00a0\u00a0Benedict RHB, DeLuca J, Phillips G,\u00a0<em>et al.<\/em>\u00a0Validity of the Symbol Digit Modalities Test as a cognition performance outcomes measure for multiple sclerosis.\u00a0<em>Mult Scler<\/em>. 2017;23:721-733.<br \/>27.\u00a0 Kappos L, Cree BCC, Benedict RHB,\u00a0<em>et al<\/em>. Long-term efficacy and safety of siponimod in patients with SPMS: EXPAND extension analysis up to 5 years.\u00a0<em>Neurology<\/em>. 2020;94(suppl. 15):4128.<br \/>28.\u00a0\u00a0Barker-Collo SL. Within session practice effects on the PASAT in clients with multiple sclerosis.\u00a0<em>Arch Clin Neuropsychol.<\/em>\u00a02005;20:145-152.<br \/>29.\u00a0\u00a0Hundehege P, Cerina M, Eichler S,\u00a0<em>et al<\/em>. The next-generation sphingosine-1 receptor modulator BAF312 (siponimod) improves cortical network functionality in focal autoimmune encephalomyelitis.\u00a0<em>Neural Regen Res<\/em>. 2019;14:1950-1960.<br \/>30.\u00a0\u00a0Arnold DA, Fox R, Bar-Or A,\u00a0<em>et al<\/em>. Effect of siponimod on cortical grey matter and thalamic volume in patients with secondary progressive multiple sclerosis: results of the EXPAND study. Pr\u00e9sent\u00e9 lors du 25<sup>e<\/sup>\u00a0congr\u00e8s de l\u2019European Committee for Treatment and Research in Multiple Sclerosis, tenu \u00e0 Stockholm en 2019. Affiche P382.<br \/>31.\u00a0\u00a0\u00a0Chow HH, Schreiber K, Magyari M,\u00a0<em>et al<\/em>. Progressive multiple sclerosis, cognitive function, and quality of life.\u00a0<em>Brain Behav<\/em>. 2018;8:e00875.<br \/>32.\u00a0\u00a0Morrow SA, Drake A, Zivadinov R,\u00a0<em>et al<\/em>. Predicting loss of employment over three years in multiple sclerosis: clinically meaningful cognitive decline.\u00a0<em>Clin Neuropsychol<\/em>\u00a02010;24:1131-1145.<br \/>33.\u00a0Povolo CA, Blair M, Mehta S,\u00a0<em>et al<\/em>.\u00a0Predictors of vocational status among persons with multiple sclerosis.\u00a0<em>Mult Scler Relat Disord<\/em>. 2019;36:101411.<br \/>34.\u00a0\u00a0Campbell J, Rashid W, Cercignani M,\u00a0<em>et al<\/em>.\u00a0Cognitive impairment among patients with multiple sclerosis: associations with employment and quality of life.\u00a0<em>Postgrad Med J<\/em>. 2017;93:143-147.<br \/>35.\u00a0\u00a0Morrow SA, Classen S, Monahan M,\u00a0<em>et al<\/em>. On-road assessment of fitness-to-drive in persons with MS with cognitive impairment: a prospective study.\u00a0<em>Mult Scler.<\/em>\u00a02018;24:1499-1506.<br \/>36.\u00a0\u00a0Cattaneo D, Lamers I, Bertoni R,\u00a0<em>et al<\/em>. Participation restriction in people with multiple sclerosis: prevalence and correlations with cognitive, walking, balance, and upper limb impairments.\u00a0<em>Arch Phys Rehabil<\/em>. 2017;98:1308-1315.<br \/>37.\u00a0\u00a0Kavaliunas A, Tinghog P, Friberg E,\u00a0<em>et al<\/em>. Cognitive function predicts work disability among multiple sclerosis patients.\u00a0<em>Mult Scler J Exp Transl Clin<\/em>. 2019;5:20552173188221234.<\/p>\n","protected":false},"excerpt":{"rendered":"<p><b>Sarah Morrow, M. D., FRCPC, FAAN, M.S.<\/b><br \/>\nProfesseure agr\u00e9g\u00e9e, Universit\u00e9 Western Ontario<br \/>\nDirectrice, Clinique de SP, Centre des sciences de la sant\u00e9 de London<br \/>\nFondatrice, Clinique des troubles cognitifs associ\u00e9s \u00e0 la SP, Institut Parkwood<br \/>\nLondon (Ontario)<\/p>\n<p>T\u00f4t ou tard, la plupart des personnes atteintes scl\u00e9rose en plaques progressive secondaire (SPPS) souffrent de troubles cognitifs mesurables, la vitesse de traitement de l\u2019information et la m\u00e9moire \u00e9pisodique \u00e9tant les domaines les plus souvent touch\u00e9s. Or leurs effets invalidants et leurs ravages sur la qualit\u00e9 de vie rivalisent avec ceux des sympt\u00f4mes physiques. Aucun traitement n\u2019a encore \u00e9t\u00e9 homologu\u00e9 pour pr\u00e9venir ou corriger le d\u00e9ficit cognitif li\u00e9 \u00e0 la SP, mais des donn\u00e9es probantes r\u00e9centes tir\u00e9es d\u2019un essai clinique de phase III contr\u00f4l\u00e9 par placebo portant sur la SPPS t\u00e9moignent d\u2019un effet positif sur le risque de d\u00e9ficit cognitif. Selon une analyse secondaire de cet essai, le risque de d\u00e9ficit cognitif \u00e9tait plus faible et la probabilit\u00e9 d\u2019am\u00e9lioration des mesures de la vitesse de traitement de l\u2019information \u00e9tait plus grande chez les sujets affect\u00e9s al\u00e9atoirement \u00e0 l\u2019agent actif, un modulateur des r\u00e9cepteurs de la sphingosine-1-phosphate (S1P) que chez les t\u00e9moins. Cet essai jette donc les bases de l\u2019\u00e9valuation et de la surveillance des fonctions cognitives en tant que cibles th\u00e9rapeutiques.<\/p>\n","protected":false},"author":9,"featured_media":14566,"comment_status":"open","ping_status":"open","sticky":false,"template":"","format":"standard","meta":{"_acf_changed":false,"footnotes":""},"tags":[601,659,287,662],"class_list":["post-11326","post","type-post","status-publish","format-standard","has-post-thumbnail","hentry","tag-2021-fr","tag-2021-fr-2","tag-neurologie","tag-neurology-fr","area_tag-neurologie"],"acf":[],"yoast_head":"<!-- This site is optimized with the Yoast SEO plugin v27.5 - https:\/\/yoast.com\/product\/yoast-seo-wordpress\/ -->\n<title>Le fonctionnement cognitif, param\u00e8tre d\u2019\u00e9valuation dans les cas de scl\u00e9rose en plaques progressive secondaire - The Medical Xchange<\/title>\n<meta name=\"robots\" content=\"index, follow, max-snippet:-1, max-image-preview:large, max-video-preview:-1\" \/>\n<link rel=\"canonical\" href=\"https:\/\/themedicalxchange.com\/fr\/2021\/03\/15\/3016_le-fonctionnement-cognitif-parametre-devaluation-dans-les-cas-de-sclerose-en-plaques-progressive-secondaire\/\" \/>\n<meta property=\"og:locale\" content=\"fr_FR\" \/>\n<meta property=\"og:type\" content=\"article\" \/>\n<meta property=\"og:title\" content=\"Le fonctionnement cognitif, param\u00e8tre d\u2019\u00e9valuation dans les cas de scl\u00e9rose en plaques progressive secondaire - The Medical Xchange\" \/>\n<meta property=\"og:description\" content=\"Sarah Morrow, M. D., FRCPC, FAAN, M.S. Professeure agr\u00e9g\u00e9e, Universit\u00e9 Western Ontario Directrice, Clinique de SP, Centre des sciences de la sant\u00e9 de London Fondatrice, Clinique des troubles cognitifs associ\u00e9s \u00e0 la SP, Institut Parkwood London (Ontario) T\u00f4t ou tard, la plupart des personnes atteintes scl\u00e9rose en plaques progressive secondaire (SPPS) souffrent de troubles cognitifs mesurables, la vitesse de traitement de l\u2019information et la m\u00e9moire \u00e9pisodique \u00e9tant les domaines les plus souvent touch\u00e9s. Or leurs effets invalidants et leurs ravages sur la qualit\u00e9 de vie rivalisent avec ceux des sympt\u00f4mes physiques. Aucun traitement n\u2019a encore \u00e9t\u00e9 homologu\u00e9 pour pr\u00e9venir ou corriger le d\u00e9ficit cognitif li\u00e9 \u00e0 la SP, mais des donn\u00e9es probantes r\u00e9centes tir\u00e9es d\u2019un essai clinique de phase III contr\u00f4l\u00e9 par placebo portant sur la SPPS t\u00e9moignent d\u2019un effet positif sur le risque de d\u00e9ficit cognitif. Selon une analyse secondaire de cet essai, le risque de d\u00e9ficit cognitif \u00e9tait plus faible et la probabilit\u00e9 d\u2019am\u00e9lioration des mesures de la vitesse de traitement de l\u2019information \u00e9tait plus grande chez les sujets affect\u00e9s al\u00e9atoirement \u00e0 l\u2019agent actif, un modulateur des r\u00e9cepteurs de la sphingosine-1-phosphate (S1P) que chez les t\u00e9moins. Cet essai jette donc les bases de l\u2019\u00e9valuation et de la surveillance des fonctions cognitives en tant que cibles th\u00e9rapeutiques.\" \/>\n<meta property=\"og:url\" content=\"https:\/\/themedicalxchange.com\/fr\/2021\/03\/15\/3016_le-fonctionnement-cognitif-parametre-devaluation-dans-les-cas-de-sclerose-en-plaques-progressive-secondaire\/\" \/>\n<meta property=\"og:site_name\" content=\"The Medical Xchange\" \/>\n<meta property=\"article:published_time\" content=\"2021-03-15T19:53:52+00:00\" \/>\n<meta property=\"article:modified_time\" content=\"2022-05-18T18:00:55+00:00\" \/>\n<meta property=\"og:image\" content=\"https:\/\/themedicalxchange.com\/wp-content\/uploads\/2021\/03\/MXC-XR-3016_FR_Thumb.jpg\" \/>\n\t<meta property=\"og:image:width\" content=\"694\" \/>\n\t<meta property=\"og:image:height\" content=\"416\" \/>\n\t<meta property=\"og:image:type\" content=\"image\/jpeg\" \/>\n<meta name=\"author\" content=\"Daniela Lopes\" \/>\n<meta name=\"twitter:card\" content=\"summary_large_image\" \/>\n<meta name=\"twitter:label1\" content=\"\u00c9crit par\" \/>\n\t<meta name=\"twitter:data1\" content=\"Daniela Lopes\" \/>\n\t<meta name=\"twitter:label2\" content=\"Dur\u00e9e de lecture estim\u00e9e\" \/>\n\t<meta name=\"twitter:data2\" content=\"22 minutes\" \/>\n<script type=\"application\/ld+json\" class=\"yoast-schema-graph\">{\"@context\":\"https:\\\/\\\/schema.org\",\"@graph\":[{\"@type\":\"Article\",\"@id\":\"https:\\\/\\\/themedicalxchange.com\\\/fr\\\/2021\\\/03\\\/15\\\/3016_le-fonctionnement-cognitif-parametre-devaluation-dans-les-cas-de-sclerose-en-plaques-progressive-secondaire\\\/#article\",\"isPartOf\":{\"@id\":\"https:\\\/\\\/themedicalxchange.com\\\/fr\\\/2021\\\/03\\\/15\\\/3016_le-fonctionnement-cognitif-parametre-devaluation-dans-les-cas-de-sclerose-en-plaques-progressive-secondaire\\\/\"},\"author\":{\"name\":\"Daniela Lopes\",\"@id\":\"https:\\\/\\\/themedicalxchange.com\\\/en\\\/#\\\/schema\\\/person\\\/f3318b53ccceaeb046bcb26e99f5c94c\"},\"headline\":\"Le fonctionnement cognitif, param\u00e8tre d\u2019\u00e9valuation dans les cas de scl\u00e9rose en plaques progressive secondaire\",\"datePublished\":\"2021-03-15T19:53:52+00:00\",\"dateModified\":\"2022-05-18T18:00:55+00:00\",\"mainEntityOfPage\":{\"@id\":\"https:\\\/\\\/themedicalxchange.com\\\/fr\\\/2021\\\/03\\\/15\\\/3016_le-fonctionnement-cognitif-parametre-devaluation-dans-les-cas-de-sclerose-en-plaques-progressive-secondaire\\\/\"},\"wordCount\":4517,\"commentCount\":0,\"image\":{\"@id\":\"https:\\\/\\\/themedicalxchange.com\\\/fr\\\/2021\\\/03\\\/15\\\/3016_le-fonctionnement-cognitif-parametre-devaluation-dans-les-cas-de-sclerose-en-plaques-progressive-secondaire\\\/#primaryimage\"},\"thumbnailUrl\":\"https:\\\/\\\/themedicalxchange.com\\\/wp-content\\\/uploads\\\/2021\\\/03\\\/MXC-XR-3016_FR_Thumb.jpg\",\"keywords\":[\"2021\",\"2021\",\"neurologie\",\"neurology\"],\"inLanguage\":\"fr-FR\"},{\"@type\":\"WebPage\",\"@id\":\"https:\\\/\\\/themedicalxchange.com\\\/fr\\\/2021\\\/03\\\/15\\\/3016_le-fonctionnement-cognitif-parametre-devaluation-dans-les-cas-de-sclerose-en-plaques-progressive-secondaire\\\/\",\"url\":\"https:\\\/\\\/themedicalxchange.com\\\/fr\\\/2021\\\/03\\\/15\\\/3016_le-fonctionnement-cognitif-parametre-devaluation-dans-les-cas-de-sclerose-en-plaques-progressive-secondaire\\\/\",\"name\":\"Le fonctionnement cognitif, param\u00e8tre d\u2019\u00e9valuation dans les cas de scl\u00e9rose en plaques progressive secondaire - The Medical Xchange\",\"isPartOf\":{\"@id\":\"https:\\\/\\\/themedicalxchange.com\\\/en\\\/#website\"},\"primaryImageOfPage\":{\"@id\":\"https:\\\/\\\/themedicalxchange.com\\\/fr\\\/2021\\\/03\\\/15\\\/3016_le-fonctionnement-cognitif-parametre-devaluation-dans-les-cas-de-sclerose-en-plaques-progressive-secondaire\\\/#primaryimage\"},\"image\":{\"@id\":\"https:\\\/\\\/themedicalxchange.com\\\/fr\\\/2021\\\/03\\\/15\\\/3016_le-fonctionnement-cognitif-parametre-devaluation-dans-les-cas-de-sclerose-en-plaques-progressive-secondaire\\\/#primaryimage\"},\"thumbnailUrl\":\"https:\\\/\\\/themedicalxchange.com\\\/wp-content\\\/uploads\\\/2021\\\/03\\\/MXC-XR-3016_FR_Thumb.jpg\",\"datePublished\":\"2021-03-15T19:53:52+00:00\",\"dateModified\":\"2022-05-18T18:00:55+00:00\",\"author\":{\"@id\":\"https:\\\/\\\/themedicalxchange.com\\\/en\\\/#\\\/schema\\\/person\\\/f3318b53ccceaeb046bcb26e99f5c94c\"},\"breadcrumb\":{\"@id\":\"https:\\\/\\\/themedicalxchange.com\\\/fr\\\/2021\\\/03\\\/15\\\/3016_le-fonctionnement-cognitif-parametre-devaluation-dans-les-cas-de-sclerose-en-plaques-progressive-secondaire\\\/#breadcrumb\"},\"inLanguage\":\"fr-FR\",\"potentialAction\":[{\"@type\":\"ReadAction\",\"target\":[\"https:\\\/\\\/themedicalxchange.com\\\/fr\\\/2021\\\/03\\\/15\\\/3016_le-fonctionnement-cognitif-parametre-devaluation-dans-les-cas-de-sclerose-en-plaques-progressive-secondaire\\\/\"]}]},{\"@type\":\"ImageObject\",\"inLanguage\":\"fr-FR\",\"@id\":\"https:\\\/\\\/themedicalxchange.com\\\/fr\\\/2021\\\/03\\\/15\\\/3016_le-fonctionnement-cognitif-parametre-devaluation-dans-les-cas-de-sclerose-en-plaques-progressive-secondaire\\\/#primaryimage\",\"url\":\"https:\\\/\\\/themedicalxchange.com\\\/wp-content\\\/uploads\\\/2021\\\/03\\\/MXC-XR-3016_FR_Thumb.jpg\",\"contentUrl\":\"https:\\\/\\\/themedicalxchange.com\\\/wp-content\\\/uploads\\\/2021\\\/03\\\/MXC-XR-3016_FR_Thumb.jpg\",\"width\":694,\"height\":416},{\"@type\":\"BreadcrumbList\",\"@id\":\"https:\\\/\\\/themedicalxchange.com\\\/fr\\\/2021\\\/03\\\/15\\\/3016_le-fonctionnement-cognitif-parametre-devaluation-dans-les-cas-de-sclerose-en-plaques-progressive-secondaire\\\/#breadcrumb\",\"itemListElement\":[{\"@type\":\"ListItem\",\"position\":1,\"name\":\"Home\",\"item\":\"https:\\\/\\\/themedicalxchange.com\\\/en\\\/\"},{\"@type\":\"ListItem\",\"position\":2,\"name\":\"Le fonctionnement cognitif, param\u00e8tre d\u2019\u00e9valuation dans les cas de scl\u00e9rose en plaques progressive secondaire\"}]},{\"@type\":\"WebSite\",\"@id\":\"https:\\\/\\\/themedicalxchange.com\\\/en\\\/#website\",\"url\":\"https:\\\/\\\/themedicalxchange.com\\\/en\\\/\",\"name\":\"The Medical Xchange\",\"description\":\"\",\"potentialAction\":[{\"@type\":\"SearchAction\",\"target\":{\"@type\":\"EntryPoint\",\"urlTemplate\":\"https:\\\/\\\/themedicalxchange.com\\\/en\\\/?s={search_term_string}\"},\"query-input\":{\"@type\":\"PropertyValueSpecification\",\"valueRequired\":true,\"valueName\":\"search_term_string\"}}],\"inLanguage\":\"fr-FR\"},{\"@type\":\"Person\",\"@id\":\"https:\\\/\\\/themedicalxchange.com\\\/en\\\/#\\\/schema\\\/person\\\/f3318b53ccceaeb046bcb26e99f5c94c\",\"name\":\"Daniela Lopes\",\"image\":{\"@type\":\"ImageObject\",\"inLanguage\":\"fr-FR\",\"@id\":\"https:\\\/\\\/secure.gravatar.com\\\/avatar\\\/a4d4340f72c70805b8fc092df1dd86431200950aa59bad0988855570fdf53af5?s=96&d=mm&r=g\",\"url\":\"https:\\\/\\\/secure.gravatar.com\\\/avatar\\\/a4d4340f72c70805b8fc092df1dd86431200950aa59bad0988855570fdf53af5?s=96&d=mm&r=g\",\"contentUrl\":\"https:\\\/\\\/secure.gravatar.com\\\/avatar\\\/a4d4340f72c70805b8fc092df1dd86431200950aa59bad0988855570fdf53af5?s=96&d=mm&r=g\",\"caption\":\"Daniela Lopes\"},\"url\":\"https:\\\/\\\/themedicalxchange.com\\\/fr\\\/author\\\/daniela\\\/\"}]}<\/script>\n<!-- \/ Yoast SEO plugin. -->","yoast_head_json":{"title":"Le fonctionnement cognitif, param\u00e8tre d\u2019\u00e9valuation dans les cas de scl\u00e9rose en plaques progressive secondaire - The Medical Xchange","robots":{"index":"index","follow":"follow","max-snippet":"max-snippet:-1","max-image-preview":"max-image-preview:large","max-video-preview":"max-video-preview:-1"},"canonical":"https:\/\/themedicalxchange.com\/fr\/2021\/03\/15\/3016_le-fonctionnement-cognitif-parametre-devaluation-dans-les-cas-de-sclerose-en-plaques-progressive-secondaire\/","og_locale":"fr_FR","og_type":"article","og_title":"Le fonctionnement cognitif, param\u00e8tre d\u2019\u00e9valuation dans les cas de scl\u00e9rose en plaques progressive secondaire - The Medical Xchange","og_description":"Sarah Morrow, M. D., FRCPC, FAAN, M.S. Professeure agr\u00e9g\u00e9e, Universit\u00e9 Western Ontario Directrice, Clinique de SP, Centre des sciences de la sant\u00e9 de London Fondatrice, Clinique des troubles cognitifs associ\u00e9s \u00e0 la SP, Institut Parkwood London (Ontario) T\u00f4t ou tard, la plupart des personnes atteintes scl\u00e9rose en plaques progressive secondaire (SPPS) souffrent de troubles cognitifs mesurables, la vitesse de traitement de l\u2019information et la m\u00e9moire \u00e9pisodique \u00e9tant les domaines les plus souvent touch\u00e9s. Or leurs effets invalidants et leurs ravages sur la qualit\u00e9 de vie rivalisent avec ceux des sympt\u00f4mes physiques. Aucun traitement n\u2019a encore \u00e9t\u00e9 homologu\u00e9 pour pr\u00e9venir ou corriger le d\u00e9ficit cognitif li\u00e9 \u00e0 la SP, mais des donn\u00e9es probantes r\u00e9centes tir\u00e9es d\u2019un essai clinique de phase III contr\u00f4l\u00e9 par placebo portant sur la SPPS t\u00e9moignent d\u2019un effet positif sur le risque de d\u00e9ficit cognitif. Selon une analyse secondaire de cet essai, le risque de d\u00e9ficit cognitif \u00e9tait plus faible et la probabilit\u00e9 d\u2019am\u00e9lioration des mesures de la vitesse de traitement de l\u2019information \u00e9tait plus grande chez les sujets affect\u00e9s al\u00e9atoirement \u00e0 l\u2019agent actif, un modulateur des r\u00e9cepteurs de la sphingosine-1-phosphate (S1P) que chez les t\u00e9moins. Cet essai jette donc les bases de l\u2019\u00e9valuation et de la surveillance des fonctions cognitives en tant que cibles th\u00e9rapeutiques.","og_url":"https:\/\/themedicalxchange.com\/fr\/2021\/03\/15\/3016_le-fonctionnement-cognitif-parametre-devaluation-dans-les-cas-de-sclerose-en-plaques-progressive-secondaire\/","og_site_name":"The Medical Xchange","article_published_time":"2021-03-15T19:53:52+00:00","article_modified_time":"2022-05-18T18:00:55+00:00","og_image":[{"width":694,"height":416,"url":"https:\/\/themedicalxchange.com\/wp-content\/uploads\/2021\/03\/MXC-XR-3016_FR_Thumb.jpg","type":"image\/jpeg"}],"author":"Daniela Lopes","twitter_card":"summary_large_image","twitter_misc":{"\u00c9crit par":"Daniela Lopes","Dur\u00e9e de lecture estim\u00e9e":"22 minutes"},"schema":{"@context":"https:\/\/schema.org","@graph":[{"@type":"Article","@id":"https:\/\/themedicalxchange.com\/fr\/2021\/03\/15\/3016_le-fonctionnement-cognitif-parametre-devaluation-dans-les-cas-de-sclerose-en-plaques-progressive-secondaire\/#article","isPartOf":{"@id":"https:\/\/themedicalxchange.com\/fr\/2021\/03\/15\/3016_le-fonctionnement-cognitif-parametre-devaluation-dans-les-cas-de-sclerose-en-plaques-progressive-secondaire\/"},"author":{"name":"Daniela Lopes","@id":"https:\/\/themedicalxchange.com\/en\/#\/schema\/person\/f3318b53ccceaeb046bcb26e99f5c94c"},"headline":"Le fonctionnement cognitif, param\u00e8tre d\u2019\u00e9valuation dans les cas de scl\u00e9rose en plaques progressive secondaire","datePublished":"2021-03-15T19:53:52+00:00","dateModified":"2022-05-18T18:00:55+00:00","mainEntityOfPage":{"@id":"https:\/\/themedicalxchange.com\/fr\/2021\/03\/15\/3016_le-fonctionnement-cognitif-parametre-devaluation-dans-les-cas-de-sclerose-en-plaques-progressive-secondaire\/"},"wordCount":4517,"commentCount":0,"image":{"@id":"https:\/\/themedicalxchange.com\/fr\/2021\/03\/15\/3016_le-fonctionnement-cognitif-parametre-devaluation-dans-les-cas-de-sclerose-en-plaques-progressive-secondaire\/#primaryimage"},"thumbnailUrl":"https:\/\/themedicalxchange.com\/wp-content\/uploads\/2021\/03\/MXC-XR-3016_FR_Thumb.jpg","keywords":["2021","2021","neurologie","neurology"],"inLanguage":"fr-FR"},{"@type":"WebPage","@id":"https:\/\/themedicalxchange.com\/fr\/2021\/03\/15\/3016_le-fonctionnement-cognitif-parametre-devaluation-dans-les-cas-de-sclerose-en-plaques-progressive-secondaire\/","url":"https:\/\/themedicalxchange.com\/fr\/2021\/03\/15\/3016_le-fonctionnement-cognitif-parametre-devaluation-dans-les-cas-de-sclerose-en-plaques-progressive-secondaire\/","name":"Le fonctionnement cognitif, param\u00e8tre d\u2019\u00e9valuation dans les cas de scl\u00e9rose en plaques progressive secondaire - The Medical Xchange","isPartOf":{"@id":"https:\/\/themedicalxchange.com\/en\/#website"},"primaryImageOfPage":{"@id":"https:\/\/themedicalxchange.com\/fr\/2021\/03\/15\/3016_le-fonctionnement-cognitif-parametre-devaluation-dans-les-cas-de-sclerose-en-plaques-progressive-secondaire\/#primaryimage"},"image":{"@id":"https:\/\/themedicalxchange.com\/fr\/2021\/03\/15\/3016_le-fonctionnement-cognitif-parametre-devaluation-dans-les-cas-de-sclerose-en-plaques-progressive-secondaire\/#primaryimage"},"thumbnailUrl":"https:\/\/themedicalxchange.com\/wp-content\/uploads\/2021\/03\/MXC-XR-3016_FR_Thumb.jpg","datePublished":"2021-03-15T19:53:52+00:00","dateModified":"2022-05-18T18:00:55+00:00","author":{"@id":"https:\/\/themedicalxchange.com\/en\/#\/schema\/person\/f3318b53ccceaeb046bcb26e99f5c94c"},"breadcrumb":{"@id":"https:\/\/themedicalxchange.com\/fr\/2021\/03\/15\/3016_le-fonctionnement-cognitif-parametre-devaluation-dans-les-cas-de-sclerose-en-plaques-progressive-secondaire\/#breadcrumb"},"inLanguage":"fr-FR","potentialAction":[{"@type":"ReadAction","target":["https:\/\/themedicalxchange.com\/fr\/2021\/03\/15\/3016_le-fonctionnement-cognitif-parametre-devaluation-dans-les-cas-de-sclerose-en-plaques-progressive-secondaire\/"]}]},{"@type":"ImageObject","inLanguage":"fr-FR","@id":"https:\/\/themedicalxchange.com\/fr\/2021\/03\/15\/3016_le-fonctionnement-cognitif-parametre-devaluation-dans-les-cas-de-sclerose-en-plaques-progressive-secondaire\/#primaryimage","url":"https:\/\/themedicalxchange.com\/wp-content\/uploads\/2021\/03\/MXC-XR-3016_FR_Thumb.jpg","contentUrl":"https:\/\/themedicalxchange.com\/wp-content\/uploads\/2021\/03\/MXC-XR-3016_FR_Thumb.jpg","width":694,"height":416},{"@type":"BreadcrumbList","@id":"https:\/\/themedicalxchange.com\/fr\/2021\/03\/15\/3016_le-fonctionnement-cognitif-parametre-devaluation-dans-les-cas-de-sclerose-en-plaques-progressive-secondaire\/#breadcrumb","itemListElement":[{"@type":"ListItem","position":1,"name":"Home","item":"https:\/\/themedicalxchange.com\/en\/"},{"@type":"ListItem","position":2,"name":"Le fonctionnement cognitif, param\u00e8tre d\u2019\u00e9valuation dans les cas de scl\u00e9rose en plaques progressive secondaire"}]},{"@type":"WebSite","@id":"https:\/\/themedicalxchange.com\/en\/#website","url":"https:\/\/themedicalxchange.com\/en\/","name":"The Medical Xchange","description":"","potentialAction":[{"@type":"SearchAction","target":{"@type":"EntryPoint","urlTemplate":"https:\/\/themedicalxchange.com\/en\/?s={search_term_string}"},"query-input":{"@type":"PropertyValueSpecification","valueRequired":true,"valueName":"search_term_string"}}],"inLanguage":"fr-FR"},{"@type":"Person","@id":"https:\/\/themedicalxchange.com\/en\/#\/schema\/person\/f3318b53ccceaeb046bcb26e99f5c94c","name":"Daniela Lopes","image":{"@type":"ImageObject","inLanguage":"fr-FR","@id":"https:\/\/secure.gravatar.com\/avatar\/a4d4340f72c70805b8fc092df1dd86431200950aa59bad0988855570fdf53af5?s=96&d=mm&r=g","url":"https:\/\/secure.gravatar.com\/avatar\/a4d4340f72c70805b8fc092df1dd86431200950aa59bad0988855570fdf53af5?s=96&d=mm&r=g","contentUrl":"https:\/\/secure.gravatar.com\/avatar\/a4d4340f72c70805b8fc092df1dd86431200950aa59bad0988855570fdf53af5?s=96&d=mm&r=g","caption":"Daniela Lopes"},"url":"https:\/\/themedicalxchange.com\/fr\/author\/daniela\/"}]}},"_links":{"self":[{"href":"https:\/\/themedicalxchange.com\/fr\/wp-json\/wp\/v2\/posts\/11326","targetHints":{"allow":["GET"]}}],"collection":[{"href":"https:\/\/themedicalxchange.com\/fr\/wp-json\/wp\/v2\/posts"}],"about":[{"href":"https:\/\/themedicalxchange.com\/fr\/wp-json\/wp\/v2\/types\/post"}],"author":[{"embeddable":true,"href":"https:\/\/themedicalxchange.com\/fr\/wp-json\/wp\/v2\/users\/9"}],"replies":[{"embeddable":true,"href":"https:\/\/themedicalxchange.com\/fr\/wp-json\/wp\/v2\/comments?post=11326"}],"version-history":[{"count":0,"href":"https:\/\/themedicalxchange.com\/fr\/wp-json\/wp\/v2\/posts\/11326\/revisions"}],"wp:featuredmedia":[{"embeddable":true,"href":"https:\/\/themedicalxchange.com\/fr\/wp-json\/wp\/v2\/media\/14566"}],"wp:attachment":[{"href":"https:\/\/themedicalxchange.com\/fr\/wp-json\/wp\/v2\/media?parent=11326"}],"wp:term":[{"taxonomy":"post_tag","embeddable":true,"href":"https:\/\/themedicalxchange.com\/fr\/wp-json\/wp\/v2\/tags?post=11326"}],"curies":[{"name":"wp","href":"https:\/\/api.w.org\/{rel}","templated":true}]}}